{"id":841,"date":"2016-12-08T01:24:19","date_gmt":"2016-12-08T00:24:19","guid":{"rendered":"http:\/\/rajpodjablonia.pl\/?p=841"},"modified":"2016-12-25T11:25:45","modified_gmt":"2016-12-25T10:25:45","slug":"boze-narodzenie-2016","status":"publish","type":"post","link":"https:\/\/rajpodjablonia.pl\/?p=841","title":{"rendered":"Bo\u017ce Narodzenie!!!!!"},"content":{"rendered":"[et_pb_section admin_label=&#8221;section&#8221; background_image=&#8221;http:\/\/rajpodjablonia.pl\/wp-content\/uploads\/2016\/12\/imagesdsdsd.jpg&#8221; transparent_background=&#8221;off&#8221; allow_player_pause=&#8221;off&#8221; inner_shadow=&#8221;off&#8221; parallax=&#8221;off&#8221; parallax_method=&#8221;off&#8221; padding_mobile=&#8221;off&#8221; make_fullwidth=&#8221;off&#8221; use_custom_width=&#8221;off&#8221; width_unit=&#8221;on&#8221; make_equal=&#8221;off&#8221; use_custom_gutter=&#8221;off&#8221;][et_pb_row admin_label=&#8221;row&#8221;][et_pb_column type=&#8221;4_4&#8243;][et_pb_text admin_label=&#8221;Tekst&#8221; background_layout=&#8221;dark&#8221; text_orientation=&#8221;center&#8221; use_border_color=&#8221;off&#8221; border_color=&#8221;#ffffff&#8221; border_style=&#8221;solid&#8221;]\n<p>&nbsp;<\/p>\n<p>&nbsp;<\/p>\n<p>&nbsp;<\/p>\n<h1>Bo\u017ce Narodzenie!!!!!<\/h1>\n<h3>Niech czas \u015awi\u0105t Bo\u017cego Narodzenia b\u0119dzie pe\u0142en atmosfery rado\u015bci, wytchnienia i zatrzymania od codziennego p\u0119du.\u00a0Niech \u015bwi\u0105teczny nastr\u00f3j pozostanie w naszych sercach jak najd\u0142u\u017cej.<br \/>\nNiech wszystkie dni nowego 2016 roku b\u0119d\u0105 tak pi\u0119kne i szcz\u0119\u015bliwe jak wigilijna wieczerza.<br \/>\nCiep\u0142ych i rodzinnych \u015awi\u0105t Bo\u017cego Narodzenia, zdrowia, pomy\u015blno\u015bci, pogody ducha i spe\u0142nienia marze\u0144.<\/h3>\n<h3><\/h3>\n<p>&nbsp;<\/p>\n<p>&nbsp;<\/p>\n<p>&nbsp;<\/p>\n<p>&nbsp;<\/p>\n<p>&nbsp;<\/p>\n[\/et_pb_text][\/et_pb_column][\/et_pb_row][\/et_pb_section]\n","protected":false},"excerpt":{"rendered":"<p>&nbsp; &nbsp; &nbsp; Bo\u017ce Narodzenie!!!!! Niech czas \u015awi\u0105t Bo\u017cego Narodzenia b\u0119dzie pe\u0142en atmosfery rado\u015bci, wytchnienia i zatrzymania od codziennego p\u0119du.\u00a0Niech \u015bwi\u0105teczny nastr\u00f3j pozostanie w naszych sercach jak najd\u0142u\u017cej. Niech wszystkie dni nowego 2016 roku b\u0119d\u0105 tak pi\u0119kne i szcz\u0119\u015bliwe jak wigilijna wieczerza. Ciep\u0142ych i rodzinnych \u015awi\u0105t Bo\u017cego Narodzenia, zdrowia, pomy\u015blno\u015bci, pogody ducha i spe\u0142nienia marze\u0144. [&hellip;]<\/p>\n","protected":false},"author":1,"featured_media":1159,"comment_status":"open","ping_status":"open","sticky":false,"template":"","format":"standard","meta":{"_et_pb_use_builder":"on","_et_pb_old_content":"<p>test posta 3<\/p>","_et_gb_content_width":"","footnotes":""},"categories":[32],"tags":[],"class_list":["post-841","post","type-post","status-publish","format-standard","has-post-thumbnail","hentry","category-swieta"],"_links":{"self":[{"href":"https:\/\/rajpodjablonia.pl\/index.php?rest_route=\/wp\/v2\/posts\/841","targetHints":{"allow":["GET"]}}],"collection":[{"href":"https:\/\/rajpodjablonia.pl\/index.php?rest_route=\/wp\/v2\/posts"}],"about":[{"href":"https:\/\/rajpodjablonia.pl\/index.php?rest_route=\/wp\/v2\/types\/post"}],"author":[{"embeddable":true,"href":"https:\/\/rajpodjablonia.pl\/index.php?rest_route=\/wp\/v2\/users\/1"}],"replies":[{"embeddable":true,"href":"https:\/\/rajpodjablonia.pl\/index.php?rest_route=%2Fwp%2Fv2%2Fcomments&post=841"}],"version-history":[{"count":9,"href":"https:\/\/rajpodjablonia.pl\/index.php?rest_route=\/wp\/v2\/posts\/841\/revisions"}],"predecessor-version":[{"id":1166,"href":"https:\/\/rajpodjablonia.pl\/index.php?rest_route=\/wp\/v2\/posts\/841\/revisions\/1166"}],"wp:featuredmedia":[{"embeddable":true,"href":"https:\/\/rajpodjablonia.pl\/index.php?rest_route=\/wp\/v2\/media\/1159"}],"wp:attachment":[{"href":"https:\/\/rajpodjablonia.pl\/index.php?rest_route=%2Fwp%2Fv2%2Fmedia&parent=841"}],"wp:term":[{"taxonomy":"category","embeddable":true,"href":"https:\/\/rajpodjablonia.pl\/index.php?rest_route=%2Fwp%2Fv2%2Fcategories&post=841"},{"taxonomy":"post_tag","embeddable":true,"href":"https:\/\/rajpodjablonia.pl\/index.php?rest_route=%2Fwp%2Fv2%2Ftags&post=841"}],"curies":[{"name":"wp","href":"https:\/\/api.w.org\/{rel}","templated":true}]}}